{"id":123919,"date":"2025-03-07T16:47:06","date_gmt":"2025-03-07T15:47:06","guid":{"rendered":"https:\/\/www.estherbeck.ch\/newsroom\/ouverture-de-la-saison-au-park-hotel-vitznau\/"},"modified":"2025-03-20T14:37:22","modified_gmt":"2025-03-20T13:37:22","slug":"ouverture-de-la-saison-au-park-hotel-vitznau","status":"publish","type":"post","link":"https:\/\/www.estherbeck.ch\/fr\/news\/ouverture-de-la-saison-au-park-hotel-vitznau\/","title":{"rendered":"Ouverture de la saison au Park Hotel Vitznau"},"content":{"rendered":"<div class=\"wpb-content-wrapper\"><p>[vc_row][vc_column][vc_column_text uncode_shortcode_id=&#8221;376477&#8243;]<strong>Apr\u00e8s une br\u00e8ve pause hivernale, le <\/strong><a href=\"https:\/\/www.parkhotel-vitznau.ch\/\" target=\"_blank\" rel=\"noopener\"><strong>Park Hotel Vitznau<\/strong><\/a><strong> a rouvert ses portes le 6 mars 2025 L&#8217;\u00e9tablissement, dont le style d&#8217;une maison d\u2019h\u00f4tes priv\u00e9e a fait la r\u00e9putation, re\u00e7oit sa client\u00e8le en toute \u00e9l\u00e9gance et tout raffinement. Mathias Rohner, directeur g\u00e9n\u00e9ral de l&#8217;h\u00f4tel, pr\u00e9sente cinq moments forts destin\u00e9s \u00e0 faire d&#8217;un s\u00e9jour au Park Hotel un v\u00e9ritable enchantement.<\/strong>[\/vc_column_text][\/vc_column][\/vc_row][vc_row row_height_percent=&#8221;0&#8243; overlay_alpha=&#8221;50&#8243; gutter_size=&#8221;3&#8243; column_width_percent=&#8221;100&#8243; preserve_border=&#8221;yes&#8221; border_color=&#8221;accent&#8221; shift_y=&#8221;0&#8243; z_index=&#8221;0&#8243; uncode_shortcode_id=&#8221;863552&#8243; border_color_type=&#8221;uncode-palette&#8221;][vc_column width=&#8221;1\/2&#8243;][vc_row_inner row_inner_height_percent=&#8221;0&#8243; overlay_alpha=&#8221;50&#8243; gutter_size=&#8221;3&#8243; border_color=&#8221;accent&#8221; border_style=&#8221;solid&#8221; shift_y=&#8221;0&#8243; z_index=&#8221;0&#8243; uncode_shortcode_id=&#8221;166757&#8243; css=&#8221;.vc_custom_1679562366356{border-top-width: 1px !important;border-right-width: 1px !important;border-bottom-width: 1px !important;border-left-width: 1px !important;padding-top: 36px !important;padding-right: 36px !important;padding-bottom: 36px !important;padding-left: 36px !important;}&#8221; border_color_type=&#8221;uncode-palette&#8221; limit_content=&#8221;&#8221;][vc_column_inner column_width_percent=&#8221;100&#8243; gutter_size=&#8221;2&#8243; style=&#8221;light&#8221; overlay_alpha=&#8221;50&#8243; shift_x=&#8221;0&#8243; shift_y=&#8221;0&#8243; shift_y_down=&#8221;0&#8243; z_index=&#8221;0&#8243; medium_width=&#8221;0&#8243; mobile_width=&#8221;0&#8243; sticky=&#8221;yes&#8221; width=&#8221;1\/1&#8243; uncode_shortcode_id=&#8221;710271&#8243;][vc_column_text uncode_shortcode_id=&#8221;168971&#8243; el_class=&#8221;download_link&#8221;]<\/p>\n<h4>Espace pour les m\u00e9dias<\/h4>\n<p>[\/vc_column_text][vc_button size=&#8221;link&#8221; link=&#8221;url:https%3A%2F%2Fwww.estherbeck.ch%2Fwp-content%2Fuploads%2F2025%2F03%2FMM_Saisoneroeffnung-im_Park-Hotel-Vitznau-Fuenf-Highlights-im-Ueberblick_DEU.pdf|target:_blank|&#8221; icon=&#8221;fa fa-file-pdf-o&#8221; uncode_shortcode_id=&#8221;257387&#8243;]Communiqu\u00e9 de presse[\/vc_button][vc_button size=&#8221;link&#8221; link=&#8221;url:https%3A%2F%2Fwww.dropbox.com%2Fsh%2Fkap3z29xg2ihy5a%2FAADHd8nBurtor4dBBUZyuPBYa%3Fdl%3D0|target:_blank|&#8221; icon=&#8221;fa fa-external-link&#8221; uncode_shortcode_id=&#8221;383165&#8243;]Photos \u00e0 t\u00e9l\u00e9charger[\/vc_button][\/vc_column_inner][\/vc_row_inner][\/vc_column][vc_column width=&#8221;1\/2&#8243;][\/vc_column][\/vc_row][vc_row][vc_column width=&#8221;1\/1&#8243;][vc_gallery el_id=&#8221;gallery-842408&#8243; medias=&#8221;122989,120643,123841,123318,123844&#8243; gutter_size=&#8221;2&#8243; media_items=&#8221;media|lightbox|original&#8221; screen_lg=&#8221;480&#8243; screen_md=&#8221;320&#8243; screen_sm=&#8221;&#8221; images_size=&#8221;three-two&#8221; single_overlay_opacity=&#8221;50&#8243; single_padding=&#8221;2&#8243; single_border=&#8221;yes&#8221; uncode_shortcode_id=&#8221;270157&#8243; items=&#8221;eyIxMTkxODBfaSI6eyJzaW5nbGVfd2lkdGgiOiIxMiJ9LCIxMjI5MTBfaSI6eyJzaW5nbGVfbGF5b3V0X21lZGlhX2l0ZW1zIjoibWVkaWF8bGlnaHRib3h8b3JpZ2luYWwsdGl0bGUifSwiMTIyOTIyX2kiOnsic2luZ2xlX2xheW91dF9tZWRpYV9pdGVtcyI6Im1lZGlhfGxpZ2h0Ym94fG9yaWdpbmFsLHRpdGxlIn0sIjEyMjkwN19pIjp7InNpbmdsZV9sYXlvdXRfbWVkaWFfaXRlbXMiOiJtZWRpYXxsaWdodGJveHxvcmlnaW5hbCx0aXRsZSJ9LCIxMjI5MTlfaSI6eyJzaW5nbGVfbGF5b3V0X21lZGlhX2l0ZW1zIjoibWVkaWF8bGlnaHRib3h8b3JpZ2luYWwsdGl0bGUifSwiMTIyOTEzX2kiOnsic2luZ2xlX2xheW91dF9tZWRpYV9pdGVtcyI6Im1lZGlhfGxpZ2h0Ym94fG9yaWdpbmFsLHRpdGxlIn19&#8243;][\/vc_column][\/vc_row]<\/p>\n<\/div>","protected":false},"excerpt":{"rendered":"<p>Un survol de cinq moments forts<\/p>\n","protected":false},"author":3,"featured_media":123836,"comment_status":"open","ping_status":"open","sticky":false,"template":"","format":"standard","meta":{"footnotes":""},"categories":[132,133,152,134],"tags":[154,135,153,136],"class_list":["post-123919","post","type-post","status-publish","format-standard","has-post-thumbnail","hentry","category-culinary-fr","category-lifestyle-fr","category-sante","category-travel-fr","tag-grandes-tables-du-monde-fr","tag-music-fr","tag-park-hotel-vitznau-fr","tag-style-fr"],"_links":{"self":[{"href":"https:\/\/www.estherbeck.ch\/fr\/wp-json\/wp\/v2\/posts\/123919","targetHints":{"allow":["GET"]}}],"collection":[{"href":"https:\/\/www.estherbeck.ch\/fr\/wp-json\/wp\/v2\/posts"}],"about":[{"href":"https:\/\/www.estherbeck.ch\/fr\/wp-json\/wp\/v2\/types\/post"}],"author":[{"embeddable":true,"href":"https:\/\/www.estherbeck.ch\/fr\/wp-json\/wp\/v2\/users\/3"}],"replies":[{"embeddable":true,"href":"https:\/\/www.estherbeck.ch\/fr\/wp-json\/wp\/v2\/comments?post=123919"}],"version-history":[{"count":4,"href":"https:\/\/www.estherbeck.ch\/fr\/wp-json\/wp\/v2\/posts\/123919\/revisions"}],"predecessor-version":[{"id":123923,"href":"https:\/\/www.estherbeck.ch\/fr\/wp-json\/wp\/v2\/posts\/123919\/revisions\/123923"}],"wp:attachment":[{"href":"https:\/\/www.estherbeck.ch\/fr\/wp-json\/wp\/v2\/media?parent=123919"}],"wp:term":[{"taxonomy":"category","embeddable":true,"href":"https:\/\/www.estherbeck.ch\/fr\/wp-json\/wp\/v2\/categories?post=123919"},{"taxonomy":"post_tag","embeddable":true,"href":"https:\/\/www.estherbeck.ch\/fr\/wp-json\/wp\/v2\/tags?post=123919"}],"curies":[{"name":"wp","href":"https:\/\/api.w.org\/{rel}","templated":true}]}}