{"id":122999,"date":"2024-02-29T11:16:33","date_gmt":"2024-02-29T10:16:33","guid":{"rendered":"https:\/\/www.estherbeck.ch\/newsroom\/la-pme-bernoise-recircle-participe-a-un-projet-de-recherche-de-lue\/"},"modified":"2024-02-29T11:20:46","modified_gmt":"2024-02-29T10:20:46","slug":"la-pme-bernoise-recircle-participe-a-un-projet-de-recherche-de-lue","status":"publish","type":"post","link":"https:\/\/www.estherbeck.ch\/fr\/news\/la-pme-bernoise-recircle-participe-a-un-projet-de-recherche-de-lue\/","title":{"rendered":"La PME bernoise reCIRCLE participe \u00e0 un projet de recherche de l&#8217;UE"},"content":{"rendered":"<div class=\"wpb-content-wrapper\"><p>[vc_row][vc_column][vc_column_text uncode_shortcode_id=&#8221;148542&#8243;]<\/p>\n<h4><strong>Dans le but de d\u00e9velopper des strat\u00e9gies de r\u00e9duction des d\u00e9chets d&#8217;emballages, le projet de recherche &#8220;STOPP&#8221; vient d&#8217;\u00eatre lanc\u00e9 \u00e0 Tampere, en Finlande. Parmi les 14 partenaires de recherche issus de sept pays se trouve la PME bernoise <a href=\"https:\/\/www.recircle.ch\" target=\"_blank\" rel=\"noopener\">reCIRCLE<\/a>, connue pour \u00eatre le premier fournisseur suisse d&#8217;emballages r\u00e9utilisables pour le secteur alimentaire.<\/strong><\/h4>\n<p>[\/vc_column_text][\/vc_column][\/vc_row][vc_row row_height_percent=&#8221;0&#8243; overlay_alpha=&#8221;50&#8243; gutter_size=&#8221;3&#8243; column_width_percent=&#8221;100&#8243; preserve_border=&#8221;yes&#8221; border_color=&#8221;accent&#8221; shift_y=&#8221;0&#8243; z_index=&#8221;0&#8243; uncode_shortcode_id=&#8221;863552&#8243; border_color_type=&#8221;uncode-palette&#8221;][vc_column width=&#8221;1\/2&#8243;][vc_row_inner row_inner_height_percent=&#8221;0&#8243; overlay_alpha=&#8221;50&#8243; gutter_size=&#8221;3&#8243; border_color=&#8221;accent&#8221; border_style=&#8221;solid&#8221; shift_y=&#8221;0&#8243; z_index=&#8221;0&#8243; uncode_shortcode_id=&#8221;166757&#8243; css=&#8221;.vc_custom_1679562366356{border-top-width: 1px !important;border-right-width: 1px !important;border-bottom-width: 1px !important;border-left-width: 1px !important;padding-top: 36px !important;padding-right: 36px !important;padding-bottom: 36px !important;padding-left: 36px !important;}&#8221; border_color_type=&#8221;uncode-palette&#8221;][vc_column_inner column_width_percent=&#8221;100&#8243; gutter_size=&#8221;2&#8243; style=&#8221;light&#8221; overlay_alpha=&#8221;50&#8243; shift_x=&#8221;0&#8243; shift_y=&#8221;0&#8243; shift_y_down=&#8221;0&#8243; z_index=&#8221;0&#8243; medium_width=&#8221;0&#8243; mobile_width=&#8221;0&#8243; sticky=&#8221;yes&#8221; width=&#8221;1\/1&#8243; uncode_shortcode_id=&#8221;710271&#8243;][vc_column_text uncode_shortcode_id=&#8221;201896&#8243; el_class=&#8221;download_link&#8221;]<\/p>\n<h4>Espace pour les m\u00e9dias<\/h4>\n<p>[\/vc_column_text][vc_button size=&#8221;link&#8221; link=&#8221;url:https%3A%2F%2Fwww.estherbeck.ch%2Fwp-content%2Fuploads%2F2024%2F02%2FCommunique-Dechets-plastiques-La-PME-bernoise-reCIRCLE-participe-a-un-projet-de-recherche-de-lUE.pdf|target:_blank&#8221; icon=&#8221;fa fa-file-pdf-o&#8221; uncode_shortcode_id=&#8221;204414&#8243;]Communiqu\u00e9 de presse[\/vc_button][vc_button size=&#8221;link&#8221; link=&#8221;url:https%3A%2F%2Fwww.dropbox.com%2Fsh%2Fdk5sg97px0230ha%2FAADjc9CUQyovSLe9zlY45xJYa%3Fdl%3D0|target:_blank|&#8221; icon=&#8221;fa fa-external-link&#8221; uncode_shortcode_id=&#8221;652740&#8243;]Photos \u00e0 t\u00e9l\u00e9charger[\/vc_button][\/vc_column_inner][\/vc_row_inner][\/vc_column][vc_column width=&#8221;1\/2&#8243;][\/vc_column][\/vc_row][vc_row][vc_column width=&#8221;1\/1&#8243;][vc_gallery el_id=&#8221;gallery-842408&#8243; medias=&#8221;122965,122968,122971,120120,122974&#8243; gutter_size=&#8221;2&#8243; media_items=&#8221;media|lightbox|original&#8221; screen_lg=&#8221;480&#8243; screen_md=&#8221;320&#8243; screen_sm=&#8221;&#8221; images_size=&#8221;three-two&#8221; single_overlay_opacity=&#8221;50&#8243; single_padding=&#8221;2&#8243; single_border=&#8221;yes&#8221; uncode_shortcode_id=&#8221;101100&#8243; items=&#8221;eyIxMTkxODBfaSI6eyJzaW5nbGVfd2lkdGgiOiIxMiJ9fQ==&#8221;][\/vc_column][\/vc_row]<\/p>\n<\/div>","protected":false},"excerpt":{"rendered":"<p>\u00abSTOPP\u00bb vise \u00e0 trouver des solutions concr\u00e8tes qui contribuent \u00e0 la r\u00e9alisation des objectifs de d\u00e9veloppement durable de l&#8217;UE.<\/p>\n","protected":false},"author":3,"featured_media":122965,"comment_status":"open","ping_status":"open","sticky":false,"template":"","format":"standard","meta":{"footnotes":""},"categories":[147,132,148],"tags":[135,136],"class_list":["post-122999","post","type-post","status-publish","format-standard","has-post-thumbnail","hentry","category-business-fr","category-culinary-fr","category-sustainability-fr","tag-music-fr","tag-style-fr"],"_links":{"self":[{"href":"https:\/\/www.estherbeck.ch\/fr\/wp-json\/wp\/v2\/posts\/122999","targetHints":{"allow":["GET"]}}],"collection":[{"href":"https:\/\/www.estherbeck.ch\/fr\/wp-json\/wp\/v2\/posts"}],"about":[{"href":"https:\/\/www.estherbeck.ch\/fr\/wp-json\/wp\/v2\/types\/post"}],"author":[{"embeddable":true,"href":"https:\/\/www.estherbeck.ch\/fr\/wp-json\/wp\/v2\/users\/3"}],"replies":[{"embeddable":true,"href":"https:\/\/www.estherbeck.ch\/fr\/wp-json\/wp\/v2\/comments?post=122999"}],"version-history":[{"count":3,"href":"https:\/\/www.estherbeck.ch\/fr\/wp-json\/wp\/v2\/posts\/122999\/revisions"}],"predecessor-version":[{"id":123004,"href":"https:\/\/www.estherbeck.ch\/fr\/wp-json\/wp\/v2\/posts\/122999\/revisions\/123004"}],"wp:featuredmedia":[{"embeddable":true,"href":"https:\/\/www.estherbeck.ch\/fr\/wp-json\/wp\/v2\/media\/122965"}],"wp:attachment":[{"href":"https:\/\/www.estherbeck.ch\/fr\/wp-json\/wp\/v2\/media?parent=122999"}],"wp:term":[{"taxonomy":"category","embeddable":true,"href":"https:\/\/www.estherbeck.ch\/fr\/wp-json\/wp\/v2\/categories?post=122999"},{"taxonomy":"post_tag","embeddable":true,"href":"https:\/\/www.estherbeck.ch\/fr\/wp-json\/wp\/v2\/tags?post=122999"}],"curies":[{"name":"wp","href":"https:\/\/api.w.org\/{rel}","templated":true}]}}