{"id":122883,"date":"2024-01-24T10:49:15","date_gmt":"2024-01-24T09:49:15","guid":{"rendered":"https:\/\/www.estherbeck.ch\/newsroom\/la-revolution-dans-votre-bagage-no-bullsht-presente-des-cosmetiques-solides-et-durables\/"},"modified":"2024-01-24T11:12:27","modified_gmt":"2024-01-24T10:12:27","slug":"la-revolution-dans-votre-bagage-no-bullsht-presente-des-cosmetiques-solides-et-durables","status":"publish","type":"post","link":"https:\/\/www.estherbeck.ch\/fr\/news\/la-revolution-dans-votre-bagage-no-bullsht-presente-des-cosmetiques-solides-et-durables\/","title":{"rendered":"La r\u00e9volution dans votre bagage : \u00ab No Bullsh!t \u00bb pr\u00e9sente des cosm\u00e9tiques solides et durables"},"content":{"rendered":"<div class=\"wpb-content-wrapper\"><p>[vc_row][vc_column][vc_column_text uncode_shortcode_id=&#8221;174855&#8243;]<strong>La marque de produits cosm\u00e9tiques naturels et durables \u00ab No Bullsh!t \u00bb lance un nouveau cosm\u00e9tique solide de voyage sur le march\u00e9. La gamme de produits comprend le kit de voyage \u00ab Solid Travel Set \u00bb con\u00e7u tout sp\u00e9cialement pour les voyageurs et compos\u00e9 d&#8217;un soin solide 2 en 1 pour le corps et les cheveux et d&#8217;un apr\u00e8s-shampooing. Tous les produits sont anhydres (exempts d&#8217;eau) et donc id\u00e9aux lors de tout d\u00e9placement. Ces produits innovants sont fabriqu\u00e9s exclusivement \u00e0 base d&#8217;ingr\u00e9dients naturels et sont unisexes, vegan et durables. <\/strong>[\/vc_column_text][\/vc_column][\/vc_row][vc_row row_height_percent=&#8221;0&#8243; overlay_alpha=&#8221;50&#8243; gutter_size=&#8221;3&#8243; column_width_percent=&#8221;100&#8243; preserve_border=&#8221;yes&#8221; border_color=&#8221;accent&#8221; shift_y=&#8221;0&#8243; z_index=&#8221;0&#8243; uncode_shortcode_id=&#8221;863552&#8243; border_color_type=&#8221;uncode-palette&#8221;][vc_column width=&#8221;1\/2&#8243;][vc_row_inner row_inner_height_percent=&#8221;0&#8243; overlay_alpha=&#8221;50&#8243; gutter_size=&#8221;3&#8243; border_color=&#8221;accent&#8221; border_style=&#8221;solid&#8221; shift_y=&#8221;0&#8243; z_index=&#8221;0&#8243; uncode_shortcode_id=&#8221;166757&#8243; css=&#8221;.vc_custom_1679562366356{border-top-width: 1px !important;border-right-width: 1px !important;border-bottom-width: 1px !important;border-left-width: 1px !important;padding-top: 36px !important;padding-right: 36px !important;padding-bottom: 36px !important;padding-left: 36px !important;}&#8221; border_color_type=&#8221;uncode-palette&#8221;][vc_column_inner column_width_percent=&#8221;100&#8243; gutter_size=&#8221;2&#8243; style=&#8221;light&#8221; overlay_alpha=&#8221;50&#8243; shift_x=&#8221;0&#8243; shift_y=&#8221;0&#8243; shift_y_down=&#8221;0&#8243; z_index=&#8221;0&#8243; medium_width=&#8221;0&#8243; mobile_width=&#8221;0&#8243; sticky=&#8221;yes&#8221; width=&#8221;1\/1&#8243; uncode_shortcode_id=&#8221;710271&#8243;][vc_column_text uncode_shortcode_id=&#8221;188939&#8243; el_class=&#8221;download_link&#8221;]<\/p>\n<h4>Espace pour les m\u00e9dias<\/h4>\n<p>[\/vc_column_text][vc_button size=&#8221;link&#8221; link=&#8221;url:https%3A%2F%2Fwww.estherbeck.ch%2Fwp-content%2Fuploads%2F2024%2F01%2FMM_NoBullsht_revolution-dans-votre-bagage-_FR.pdf|target:_blank&#8221; icon=&#8221;fa fa-file-pdf-o&#8221; uncode_shortcode_id=&#8221;122477&#8243;]Communiqu\u00e9 de presse[\/vc_button][vc_button size=&#8221;link&#8221; link=&#8221;url:https%3A%2F%2Fwww.dropbox.com%2Fscl%2Ffo%2Fa4vcvjpr2q1aygjz28y76%2Fh%3Frlkey%3Dnr2lu5lhyvn7w22blv4czr8zb%26dl%3D0|target:_blank|&#8221; icon=&#8221;fa fa-external-link&#8221; uncode_shortcode_id=&#8221;800075&#8243;]Photos \u00e0 t\u00e9l\u00e9charger[\/vc_button][\/vc_column_inner][\/vc_row_inner][\/vc_column][vc_column width=&#8221;1\/2&#8243;][\/vc_column][\/vc_row][vc_row][vc_column width=&#8221;1\/1&#8243;][vc_gallery el_id=&#8221;gallery-842408&#8243; medias=&#8221;122860,122863,122866,122869,122875,122878&#8243; gutter_size=&#8221;2&#8243; media_items=&#8221;media|lightbox|original&#8221; screen_lg=&#8221;480&#8243; screen_md=&#8221;320&#8243; screen_sm=&#8221;&#8221; images_size=&#8221;three-two&#8221; single_overlay_opacity=&#8221;50&#8243; single_padding=&#8221;2&#8243; single_border=&#8221;yes&#8221; uncode_shortcode_id=&#8221;166599&#8243; items=&#8221;eyIxMTkxODBfaSI6eyJzaW5nbGVfd2lkdGgiOiIxMiJ9fQ==&#8221;][\/vc_column][\/vc_row]<\/p>\n<\/div>","protected":false},"excerpt":{"rendered":"<p>Voil\u00e0 comment on voyage aujourd\u2019hui : une petite quantit\u00e9 de produits dure jusqu\u2019\u00e0 deux semaines. NoBullsh!t Le kit \u00ab Solid Travel Set \u00bb.<\/p>\n","protected":false},"author":3,"featured_media":122874,"comment_status":"open","ping_status":"open","sticky":false,"template":"","format":"standard","meta":{"footnotes":""},"categories":[149,133,148,134],"tags":[],"class_list":["post-122883","post","type-post","status-publish","format-standard","has-post-thumbnail","hentry","category-beaute","category-lifestyle-fr","category-sustainability-fr","category-travel-fr"],"_links":{"self":[{"href":"https:\/\/www.estherbeck.ch\/fr\/wp-json\/wp\/v2\/posts\/122883","targetHints":{"allow":["GET"]}}],"collection":[{"href":"https:\/\/www.estherbeck.ch\/fr\/wp-json\/wp\/v2\/posts"}],"about":[{"href":"https:\/\/www.estherbeck.ch\/fr\/wp-json\/wp\/v2\/types\/post"}],"author":[{"embeddable":true,"href":"https:\/\/www.estherbeck.ch\/fr\/wp-json\/wp\/v2\/users\/3"}],"replies":[{"embeddable":true,"href":"https:\/\/www.estherbeck.ch\/fr\/wp-json\/wp\/v2\/comments?post=122883"}],"version-history":[{"count":5,"href":"https:\/\/www.estherbeck.ch\/fr\/wp-json\/wp\/v2\/posts\/122883\/revisions"}],"predecessor-version":[{"id":122898,"href":"https:\/\/www.estherbeck.ch\/fr\/wp-json\/wp\/v2\/posts\/122883\/revisions\/122898"}],"wp:featuredmedia":[{"embeddable":true,"href":"https:\/\/www.estherbeck.ch\/fr\/wp-json\/wp\/v2\/media\/122874"}],"wp:attachment":[{"href":"https:\/\/www.estherbeck.ch\/fr\/wp-json\/wp\/v2\/media?parent=122883"}],"wp:term":[{"taxonomy":"category","embeddable":true,"href":"https:\/\/www.estherbeck.ch\/fr\/wp-json\/wp\/v2\/categories?post=122883"},{"taxonomy":"post_tag","embeddable":true,"href":"https:\/\/www.estherbeck.ch\/fr\/wp-json\/wp\/v2\/tags?post=122883"}],"curies":[{"name":"wp","href":"https:\/\/api.w.org\/{rel}","templated":true}]}}