{"id":122694,"date":"2023-11-16T14:05:12","date_gmt":"2023-11-16T13:05:12","guid":{"rendered":"https:\/\/www.estherbeck.ch\/newsroom\/recircle-sa-resout-le-probleme-des-gobelets-en-carton\/"},"modified":"2023-11-16T14:09:06","modified_gmt":"2023-11-16T13:09:06","slug":"recircle-sa-resout-le-probleme-des-gobelets-en-carton","status":"publish","type":"post","link":"https:\/\/www.estherbeck.ch\/fr\/news\/recircle-sa-resout-le-probleme-des-gobelets-en-carton\/","title":{"rendered":"reCIRCLE SA r\u00e9sout le probl\u00e8me des gobelets en carton"},"content":{"rendered":"<div class=\"wpb-content-wrapper\"><p>[vc_row][vc_column][vc_column_text uncode_shortcode_id=&#8221;185682&#8243;]<\/p>\n<h4><a href=\"http:\/\/www.recircle.ch\/\" target=\"_blank\" rel=\"noopener\"><strong>reCIRCLE SA<\/strong><\/a><strong>, le principal fournisseur de solutions r\u00e9utilisables pour les repas et les boissons \u00e0 emporter, g\u00e8re depuis 2016 un r\u00e9seau pour les entreprises de restauration. L\u2019entreprise pr\u00e9sente OTY, le nouveau gobelet pour distributeurs automatiques, dans le cadre du salon professionnel <a href=\"https:\/\/www.igeho.ch\/de\" target=\"_blank\" rel=\"noopener\">Igeho<\/a>. <\/strong><\/h4>\n<p>[\/vc_column_text][\/vc_column][\/vc_row][vc_row row_height_percent=&#8221;0&#8243; overlay_alpha=&#8221;50&#8243; gutter_size=&#8221;3&#8243; column_width_percent=&#8221;100&#8243; preserve_border=&#8221;yes&#8221; border_color=&#8221;accent&#8221; shift_y=&#8221;0&#8243; z_index=&#8221;0&#8243; uncode_shortcode_id=&#8221;863552&#8243; border_color_type=&#8221;uncode-palette&#8221;][vc_column width=&#8221;1\/2&#8243;][vc_row_inner row_inner_height_percent=&#8221;0&#8243; overlay_alpha=&#8221;50&#8243; gutter_size=&#8221;3&#8243; border_color=&#8221;accent&#8221; border_style=&#8221;solid&#8221; shift_y=&#8221;0&#8243; z_index=&#8221;0&#8243; uncode_shortcode_id=&#8221;166757&#8243; css=&#8221;.vc_custom_1679562366356{border-top-width: 1px !important;border-right-width: 1px !important;border-bottom-width: 1px !important;border-left-width: 1px !important;padding-top: 36px !important;padding-right: 36px !important;padding-bottom: 36px !important;padding-left: 36px !important;}&#8221; border_color_type=&#8221;uncode-palette&#8221;][vc_column_inner column_width_percent=&#8221;100&#8243; gutter_size=&#8221;2&#8243; style=&#8221;light&#8221; overlay_alpha=&#8221;50&#8243; shift_x=&#8221;0&#8243; shift_y=&#8221;0&#8243; shift_y_down=&#8221;0&#8243; z_index=&#8221;0&#8243; medium_width=&#8221;0&#8243; mobile_width=&#8221;0&#8243; sticky=&#8221;yes&#8221; width=&#8221;1\/1&#8243; uncode_shortcode_id=&#8221;710271&#8243;][vc_column_text uncode_shortcode_id=&#8221;201896&#8243; el_class=&#8221;download_link&#8221;]<\/p>\n<h4>Espace pour les m\u00e9dias<\/h4>\n<p>[\/vc_column_text][vc_button size=&#8221;link&#8221; link=&#8221;url:https%3A%2F%2Fwww.estherbeck.ch%2Fwp-content%2Fuploads%2F2023%2F11%2FCommunique_reCIRCLE-SA-resout-le-probleme-des-gobelets-en-carton.pdf|target:_blank&#8221; icon=&#8221;fa fa-file-pdf-o&#8221; uncode_shortcode_id=&#8221;205549&#8243;]Communiqu\u00e9 de presse[\/vc_button][vc_button size=&#8221;link&#8221; link=&#8221;url:https%3A%2F%2Fwww.dropbox.com%2Fsh%2Fdk5sg97px0230ha%2FAADjc9CUQyovSLe9zlY45xJYa%3Fdl%3D0|target:_blank|&#8221; icon=&#8221;fa fa-external-link&#8221; uncode_shortcode_id=&#8221;652740&#8243;]Photos \u00e0 t\u00e9l\u00e9charger[\/vc_button][\/vc_column_inner][\/vc_row_inner][\/vc_column][vc_column width=&#8221;1\/2&#8243;][\/vc_column][\/vc_row][vc_row][vc_column width=&#8221;1\/1&#8243;][vc_gallery el_id=&#8221;gallery-842408&#8243; medias=&#8221;122676,122685,122682,122679,118370&#8243; gutter_size=&#8221;2&#8243; media_items=&#8221;media|lightbox|original&#8221; screen_lg=&#8221;480&#8243; screen_md=&#8221;320&#8243; screen_sm=&#8221;&#8221; images_size=&#8221;three-two&#8221; single_overlay_opacity=&#8221;50&#8243; single_padding=&#8221;2&#8243; single_border=&#8221;yes&#8221; uncode_shortcode_id=&#8221;407878&#8243; items=&#8221;eyIxMTkxODBfaSI6eyJzaW5nbGVfd2lkdGgiOiIxMiJ9fQ==&#8221;][\/vc_column][\/vc_row]<\/p>\n<\/div>","protected":false},"excerpt":{"rendered":"<p>Ce gobelet est un exemple typique d\u2019\u00e9co-design r\u00e9ussi !<\/p>\n","protected":false},"author":3,"featured_media":122678,"comment_status":"open","ping_status":"open","sticky":false,"template":"","format":"standard","meta":{"footnotes":""},"categories":[147,132,148],"tags":[135,136],"class_list":["post-122694","post","type-post","status-publish","format-standard","has-post-thumbnail","hentry","category-business-fr","category-culinary-fr","category-sustainability-fr","tag-music-fr","tag-style-fr"],"_links":{"self":[{"href":"https:\/\/www.estherbeck.ch\/fr\/wp-json\/wp\/v2\/posts\/122694","targetHints":{"allow":["GET"]}}],"collection":[{"href":"https:\/\/www.estherbeck.ch\/fr\/wp-json\/wp\/v2\/posts"}],"about":[{"href":"https:\/\/www.estherbeck.ch\/fr\/wp-json\/wp\/v2\/types\/post"}],"author":[{"embeddable":true,"href":"https:\/\/www.estherbeck.ch\/fr\/wp-json\/wp\/v2\/users\/3"}],"replies":[{"embeddable":true,"href":"https:\/\/www.estherbeck.ch\/fr\/wp-json\/wp\/v2\/comments?post=122694"}],"version-history":[{"count":8,"href":"https:\/\/www.estherbeck.ch\/fr\/wp-json\/wp\/v2\/posts\/122694\/revisions"}],"predecessor-version":[{"id":122702,"href":"https:\/\/www.estherbeck.ch\/fr\/wp-json\/wp\/v2\/posts\/122694\/revisions\/122702"}],"wp:featuredmedia":[{"embeddable":true,"href":"https:\/\/www.estherbeck.ch\/fr\/wp-json\/wp\/v2\/media\/122678"}],"wp:attachment":[{"href":"https:\/\/www.estherbeck.ch\/fr\/wp-json\/wp\/v2\/media?parent=122694"}],"wp:term":[{"taxonomy":"category","embeddable":true,"href":"https:\/\/www.estherbeck.ch\/fr\/wp-json\/wp\/v2\/categories?post=122694"},{"taxonomy":"post_tag","embeddable":true,"href":"https:\/\/www.estherbeck.ch\/fr\/wp-json\/wp\/v2\/tags?post=122694"}],"curies":[{"name":"wp","href":"https:\/\/api.w.org\/{rel}","templated":true}]}}