{"id":122285,"date":"2023-10-17T15:48:44","date_gmt":"2023-10-17T13:48:44","guid":{"rendered":"https:\/\/www.estherbeck.ch\/blog\/eric-favre-reprend-la-direction-de-lhotel-le-mirador-resort-spa-pour-la-troisieme-fois\/"},"modified":"2023-10-17T16:04:33","modified_gmt":"2023-10-17T14:04:33","slug":"eric-favre-reprend-la-direction-de-lhotel-le-mirador-resort-spa-pour-la-troisieme-fois","status":"publish","type":"post","link":"https:\/\/www.estherbeck.ch\/fr\/news\/eric-favre-reprend-la-direction-de-lhotel-le-mirador-resort-spa-pour-la-troisieme-fois\/","title":{"rendered":"Un retour passionnant !"},"content":{"rendered":"<div class=\"wpb-content-wrapper\"><p>[vc_row][vc_column][vc_column_text uncode_shortcode_id=&#8221;489476&#8243;]<strong>Le renomm\u00e9 h\u00f4telier \u00c9ric Favre fait son grand retour \u00e0 la t\u00eate de <\/strong><a href=\"http:\/\/www.mirador.ch\/\" target=\"_blank\" rel=\"noopener\"><strong>l&#8217;H\u00f4tel Le Mirador Resort &amp; Spa<\/strong><\/a><strong>, un \u00e9tablissement cinq \u00e9toiles Swiss Deluxe situ\u00e9 au-dessus de\u00a0<\/strong><a href=\"https:\/\/www.montreuxriviera.com\/fr\/\" target=\"_blank\" rel=\"noopener\"><strong>Vevey-Montreux<\/strong><\/a><strong>. C&#8217;est la troisi\u00e8me fois qu&#8217;il prend les r\u00eanes de ce prestigieux \u00e9tablissement, succ\u00e9dant \u00e0 Benjamin M\u00fcller-Rappard qui a quitt\u00e9 ses fonctions apr\u00e8s cinq ann\u00e9es d&#8217;excellence. Fort de plus de 40 ans d&#8217;exp\u00e9rience dans le secteur de l&#8217;h\u00f4tellerie de luxe, la nomination d&#8217;\u00c9ric Favre promet des changements positifs et assure un avenir prosp\u00e8re \u00e0 l&#8217;h\u00f4tel.<\/strong>[\/vc_column_text][\/vc_column][\/vc_row][vc_row row_height_percent=&#8221;0&#8243; overlay_alpha=&#8221;50&#8243; gutter_size=&#8221;3&#8243; column_width_percent=&#8221;100&#8243; preserve_border=&#8221;yes&#8221; border_color=&#8221;accent&#8221; shift_y=&#8221;0&#8243; z_index=&#8221;0&#8243; uncode_shortcode_id=&#8221;863552&#8243; border_color_type=&#8221;uncode-palette&#8221;][vc_column width=&#8221;1\/2&#8243;][vc_row_inner row_inner_height_percent=&#8221;0&#8243; overlay_alpha=&#8221;50&#8243; gutter_size=&#8221;3&#8243; border_color=&#8221;accent&#8221; border_style=&#8221;solid&#8221; shift_y=&#8221;0&#8243; z_index=&#8221;0&#8243; uncode_shortcode_id=&#8221;166757&#8243; css=&#8221;.vc_custom_1679562366356{border-top-width: 1px !important;border-right-width: 1px !important;border-bottom-width: 1px !important;border-left-width: 1px !important;padding-top: 36px !important;padding-right: 36px !important;padding-bottom: 36px !important;padding-left: 36px !important;}&#8221; border_color_type=&#8221;uncode-palette&#8221; limit_content=&#8221;&#8221;][vc_column_inner column_width_percent=&#8221;100&#8243; gutter_size=&#8221;2&#8243; style=&#8221;light&#8221; overlay_alpha=&#8221;50&#8243; shift_x=&#8221;0&#8243; shift_y=&#8221;0&#8243; shift_y_down=&#8221;0&#8243; z_index=&#8221;0&#8243; medium_width=&#8221;0&#8243; mobile_width=&#8221;0&#8243; sticky=&#8221;yes&#8221; width=&#8221;1\/1&#8243; uncode_shortcode_id=&#8221;710271&#8243;][vc_column_text uncode_shortcode_id=&#8221;168971&#8243; el_class=&#8221;download_link&#8221;]<\/p>\n<h4>Espace pour les m\u00e9dias<\/h4>\n<p>[\/vc_column_text][vc_button size=&#8221;link&#8221; uncode_shortcode_id=&#8221;694594&#8243; link=&#8221;url:https%3A%2F%2Fwww.estherbeck.ch%2Fwp-content%2Fuploads%2F2023%2F10%2FCP-Eric-Favre-reprend-la-direction-de-lHotel-Le-Mirador-Resort-Spa-pour-la-troisieme-fois.pdf|target:_blank&#8221;]Communiqu\u00e9 de presse[\/vc_button][\/vc_column_inner][\/vc_row_inner][\/vc_column][vc_column width=&#8221;1\/2&#8243;][\/vc_column][\/vc_row][vc_row][vc_column width=&#8221;1\/1&#8243;][vc_gallery el_id=&#8221;gallery-842408&#8243; medias=&#8221;122257,122254,122251,122263,122260&#8243; gutter_size=&#8221;2&#8243; media_items=&#8221;media|lightbox|original&#8221; screen_lg=&#8221;480&#8243; screen_md=&#8221;320&#8243; screen_sm=&#8221;&#8221; images_size=&#8221;three-two&#8221; single_overlay_opacity=&#8221;50&#8243; single_padding=&#8221;2&#8243; single_border=&#8221;yes&#8221; uncode_shortcode_id=&#8221;127367&#8243; items=&#8221;eyIxMTkxODBfaSI6eyJzaW5nbGVfd2lkdGgiOiIxMiJ9fQ==&#8221;][\/vc_column][\/vc_row]<\/p>\n<\/div>","protected":false},"excerpt":{"rendered":"<p>\u00c9ric Favre reprend la direction de l&#8217;H\u00f4tel Le Mirador Resort &amp; Spa pour la troisi\u00e8me fois.<\/p>\n","protected":false},"author":3,"featured_media":122250,"comment_status":"open","ping_status":"open","sticky":false,"template":"","format":"standard","meta":{"footnotes":""},"categories":[132,133,134],"tags":[135,136],"class_list":["post-122285","post","type-post","status-publish","format-standard","has-post-thumbnail","hentry","category-culinary-fr","category-lifestyle-fr","category-travel-fr","tag-music-fr","tag-style-fr"],"_links":{"self":[{"href":"https:\/\/www.estherbeck.ch\/fr\/wp-json\/wp\/v2\/posts\/122285","targetHints":{"allow":["GET"]}}],"collection":[{"href":"https:\/\/www.estherbeck.ch\/fr\/wp-json\/wp\/v2\/posts"}],"about":[{"href":"https:\/\/www.estherbeck.ch\/fr\/wp-json\/wp\/v2\/types\/post"}],"author":[{"embeddable":true,"href":"https:\/\/www.estherbeck.ch\/fr\/wp-json\/wp\/v2\/users\/3"}],"replies":[{"embeddable":true,"href":"https:\/\/www.estherbeck.ch\/fr\/wp-json\/wp\/v2\/comments?post=122285"}],"version-history":[{"count":10,"href":"https:\/\/www.estherbeck.ch\/fr\/wp-json\/wp\/v2\/posts\/122285\/revisions"}],"predecessor-version":[{"id":122299,"href":"https:\/\/www.estherbeck.ch\/fr\/wp-json\/wp\/v2\/posts\/122285\/revisions\/122299"}],"wp:featuredmedia":[{"embeddable":true,"href":"https:\/\/www.estherbeck.ch\/fr\/wp-json\/wp\/v2\/media\/122250"}],"wp:attachment":[{"href":"https:\/\/www.estherbeck.ch\/fr\/wp-json\/wp\/v2\/media?parent=122285"}],"wp:term":[{"taxonomy":"category","embeddable":true,"href":"https:\/\/www.estherbeck.ch\/fr\/wp-json\/wp\/v2\/categories?post=122285"},{"taxonomy":"post_tag","embeddable":true,"href":"https:\/\/www.estherbeck.ch\/fr\/wp-json\/wp\/v2\/tags?post=122285"}],"curies":[{"name":"wp","href":"https:\/\/api.w.org\/{rel}","templated":true}]}}