{"id":121897,"date":"2023-08-29T14:21:59","date_gmt":"2023-08-29T12:21:59","guid":{"rendered":"https:\/\/www.estherbeck.ch\/blog\/urs-langenegger-wird-ceo-der-hospitality-visions-lake-lucerne-ag\/"},"modified":"2023-09-14T11:00:15","modified_gmt":"2023-09-14T09:00:15","slug":"urs-langenegger-wird-ceo-der-hospitality-visions-lake-lucerne-ag","status":"publish","type":"post","link":"https:\/\/www.estherbeck.ch\/fr\/news\/urs-langenegger-wird-ceo-der-hospitality-visions-lake-lucerne-ag\/","title":{"rendered":"Urs Langenegger est promu CEO de \u00ab Hospitality Visions Lake Lucerne SA \u00bb"},"content":{"rendered":"<div class=\"wpb-content-wrapper\"><p>[vc_row][vc_column][vc_column_text uncode_shortcode_id=&#8221;206641&#8243;]<\/p>\n<h4><strong>Urs Langenegger, jusqu&#8217;alors directeur g\u00e9n\u00e9ral du cinq \u00e9toiles \u00ab Park Hotel Vitznau \u00bb et de la \u00ab Hospitality Visions Lake Lucerne SA \u00bb, une division de la Fondation P\u00fchringer, est promu CEO du groupe et assume d\u00e9sormais la responsabilit\u00e9 des trois \u00e9tablissements du lac des Quatre-Cantons ainsi que du \u00ab Palais Coburg \u00bb de Vienne.<\/strong><\/h4>\n<p>[\/vc_column_text][\/vc_column][\/vc_row][vc_row row_height_percent=&#8221;0&#8243; overlay_alpha=&#8221;50&#8243; gutter_size=&#8221;3&#8243; column_width_percent=&#8221;100&#8243; preserve_border=&#8221;yes&#8221; border_color=&#8221;accent&#8221; shift_y=&#8221;0&#8243; z_index=&#8221;0&#8243; uncode_shortcode_id=&#8221;863552&#8243; border_color_type=&#8221;uncode-palette&#8221;][vc_column width=&#8221;1\/2&#8243;][vc_row_inner row_inner_height_percent=&#8221;0&#8243; overlay_alpha=&#8221;50&#8243; gutter_size=&#8221;3&#8243; border_color=&#8221;accent&#8221; border_style=&#8221;solid&#8221; shift_y=&#8221;0&#8243; z_index=&#8221;0&#8243; uncode_shortcode_id=&#8221;166757&#8243; css=&#8221;.vc_custom_1679562366356{border-top-width: 1px !important;border-right-width: 1px !important;border-bottom-width: 1px !important;border-left-width: 1px !important;padding-top: 36px !important;padding-right: 36px !important;padding-bottom: 36px !important;padding-left: 36px !important;}&#8221; border_color_type=&#8221;uncode-palette&#8221;][vc_column_inner column_width_percent=&#8221;100&#8243; gutter_size=&#8221;2&#8243; style=&#8221;light&#8221; overlay_alpha=&#8221;50&#8243; shift_x=&#8221;0&#8243; shift_y=&#8221;0&#8243; shift_y_down=&#8221;0&#8243; z_index=&#8221;0&#8243; medium_width=&#8221;0&#8243; mobile_width=&#8221;0&#8243; sticky=&#8221;yes&#8221; width=&#8221;1\/1&#8243; uncode_shortcode_id=&#8221;710271&#8243;][vc_column_text uncode_shortcode_id=&#8221;168971&#8243; el_class=&#8221;download_link&#8221;]<\/p>\n<h4>Espace pour les m\u00e9dias<\/h4>\n<p>[\/vc_column_text][vc_button size=&#8221;link&#8221; link=&#8221;url:https%3A%2F%2Fwww.estherbeck.ch%2Fwp-content%2Fuploads%2F2023%2F09%2FCommunique_Urs-Langenegger-est-promu-CEO-de-HVLL-SA_FR.pdf|target:_blank&#8221; icon=&#8221;fa fa-file-pdf-o&#8221; uncode_shortcode_id=&#8221;178511&#8243;]Communiqu\u00e9 de presse[\/vc_button][vc_button size=&#8221;link&#8221; link=&#8221;url:https%3A%2F%2Fwww.dropbox.com%2Fsh%2F4qhhburdtlo2un3%2FAAC-qd3OZXLQ6_TsVxnKJaqOa%3Fdl%3D0|target:_blank|&#8221; icon=&#8221;fa fa-external-link&#8221; uncode_shortcode_id=&#8221;160375&#8243;]Photos \u00e0 t\u00e9l\u00e9charger[\/vc_button][\/vc_column_inner][\/vc_row_inner][\/vc_column][vc_column width=&#8221;1\/2&#8243;][\/vc_column][\/vc_row][vc_row][vc_column width=&#8221;1\/1&#8243;][vc_gallery el_id=&#8221;gallery-842408&#8243; medias=&#8221;121810,121813,121819,121816,121804&#8243; gutter_size=&#8221;2&#8243; media_items=&#8221;media|lightbox|original&#8221; screen_lg=&#8221;480&#8243; screen_md=&#8221;320&#8243; screen_sm=&#8221;&#8221; images_size=&#8221;three-two&#8221; single_overlay_opacity=&#8221;50&#8243; single_padding=&#8221;2&#8243; single_border=&#8221;yes&#8221; uncode_shortcode_id=&#8221;743510&#8243; items=&#8221;eyIxMTkxODBfaSI6eyJzaW5nbGVfd2lkdGgiOiIxMiJ9fQ==&#8221;][\/vc_column][\/vc_row]<\/p>\n<\/div>","protected":false},"excerpt":{"rendered":"<p>Il est ainsi la garantie m\u00eame d&#8217;une \u00ab hospitalit\u00e9 transfrontali\u00e8re \u00bb.<\/p>\n","protected":false},"author":3,"featured_media":121825,"comment_status":"open","ping_status":"open","sticky":false,"template":"","format":"standard","meta":{"footnotes":""},"categories":[131,132,133,134],"tags":[135,136],"class_list":["post-121897","post","type-post","status-publish","format-standard","has-post-thumbnail","hentry","category-arts-fr","category-culinary-fr","category-lifestyle-fr","category-travel-fr","tag-music-fr","tag-style-fr"],"_links":{"self":[{"href":"https:\/\/www.estherbeck.ch\/fr\/wp-json\/wp\/v2\/posts\/121897","targetHints":{"allow":["GET"]}}],"collection":[{"href":"https:\/\/www.estherbeck.ch\/fr\/wp-json\/wp\/v2\/posts"}],"about":[{"href":"https:\/\/www.estherbeck.ch\/fr\/wp-json\/wp\/v2\/types\/post"}],"author":[{"embeddable":true,"href":"https:\/\/www.estherbeck.ch\/fr\/wp-json\/wp\/v2\/users\/3"}],"replies":[{"embeddable":true,"href":"https:\/\/www.estherbeck.ch\/fr\/wp-json\/wp\/v2\/comments?post=121897"}],"version-history":[{"count":13,"href":"https:\/\/www.estherbeck.ch\/fr\/wp-json\/wp\/v2\/posts\/121897\/revisions"}],"predecessor-version":[{"id":121913,"href":"https:\/\/www.estherbeck.ch\/fr\/wp-json\/wp\/v2\/posts\/121897\/revisions\/121913"}],"wp:featuredmedia":[{"embeddable":true,"href":"https:\/\/www.estherbeck.ch\/fr\/wp-json\/wp\/v2\/media\/121825"}],"wp:attachment":[{"href":"https:\/\/www.estherbeck.ch\/fr\/wp-json\/wp\/v2\/media?parent=121897"}],"wp:term":[{"taxonomy":"category","embeddable":true,"href":"https:\/\/www.estherbeck.ch\/fr\/wp-json\/wp\/v2\/categories?post=121897"},{"taxonomy":"post_tag","embeddable":true,"href":"https:\/\/www.estherbeck.ch\/fr\/wp-json\/wp\/v2\/tags?post=121897"}],"curies":[{"name":"wp","href":"https:\/\/api.w.org\/{rel}","templated":true}]}}